{"id":10154,"date":"2017-12-28T21:04:20","date_gmt":"2017-12-28T21:04:20","guid":{"rendered":"https:\/\/www.comparaonline.com.br\/blog\/?p=10154"},"modified":"2018-09-18T13:38:38","modified_gmt":"2018-09-18T16:38:38","slug":"inspecao-veicular","status":"publish","type":"post","link":"https:\/\/www.comparaonline.com.br\/blog\/carros\/inspecao-veicular\/","title":{"rendered":"Inspe\u00e7\u00e3o Veicular ser\u00e1 obrigat\u00f3ria at\u00e9 2019 em todo pa\u00eds"},"content":{"rendered":"<p><\/p>\n<p><span style=\"font-weight: 400;\">A Inspe\u00e7\u00e3o veicular ser\u00e1 obrigat\u00f3ria para carros a partir de 3 anos de uso at\u00e9 2019, em todo pa\u00eds. Saiba mais neste post!<\/span><\/p>\n<p><!--more--><\/p>\n<p><span style=\"font-weight: 400;\">O Conselho Nacional de Tr\u00e2nsito (Contran) determinou que a inspe\u00e7\u00e3o veicular dever\u00e1 funcionar em todo pa\u00eds at\u00e9 o final de 2019.<\/span><\/p>\n<h2>Como vai funcionar a Inspe\u00e7\u00e3o veicular?<\/h2>\n<p><span style=\"font-weight: 400;\">A regra \u00e9 valida para carros de at\u00e9 7 passageiros, com mais de 3 anos de uso.<\/span><\/p>\n<p><span style=\"font-weight: 400;\">Ve\u00edculos mais novos, com menos de 3 anos, que tenham sofrido alguma colis\u00e3o m\u00e9dia ou grave tamb\u00e9m ser\u00e3o inspecionados.<\/span><\/p>\n<p><span style=\"font-weight: 400;\">A Inspe\u00e7\u00e3o veicular dever\u00e1 ser refeita a cada dois anos pelos Detrans de cada estado e sua aprova\u00e7\u00e3o ser\u00e1 obrigat\u00f3ria para a obten\u00e7\u00e3o do licenciamento.\u00a0<\/span><\/p>\n<h2>\u00a0Qual \u00e9 a import\u00e2ncia da Vistoria veicular?<\/h2>\n<p>A fiscaliza\u00e7\u00e3o tem como principais objetivos: evitar acidentes pela falta de manuten\u00e7\u00e3o dos ve\u00edculos e diminuir a emiss\u00e3o de poluentes.<\/p>\n<p><span style=\"font-weight: 400;\">Um estudo da Universidade de S\u00e3o Paulo alertou sobre a <a href=\"https:\/\/www.comparaonline.com.br\/blog\/seguros\/seguro-auto\/2014\/06\/importancia-da-inspecao-veicular\/\">import\u00e2ncia da vistoria veicular<\/a>. Durante o per\u00edodo em que a medida foi implementada na capital paulista 584 mortes e 1.515 interna\u00e7\u00f5es foram evitadas.<\/span><\/p>\n<h2><strong>Quais equipamentos ser\u00e3o verificados pela inspe\u00e7\u00e3o veicular?<\/strong><\/h2>\n<ul>\n<li style=\"font-weight: 400;\"><span style=\"font-weight: 400;\"> Par\u00e1-choques,<\/span><\/li>\n<li style=\"font-weight: 400;\"><span style=\"font-weight: 400;\"> Limpador de p\u00e1ra-brisas,<\/span><\/li>\n<li style=\"font-weight: 400;\"><span style=\"font-weight: 400;\"> Cinto de seguran\u00e7a, <\/span><\/li>\n<li style=\"font-weight: 400;\"><span style=\"font-weight: 400;\"> Buzina,<\/span><\/li>\n<li style=\"font-weight: 400;\"><span style=\"font-weight: 400;\"> Extintor de inc\u00eandio,<\/span><\/li>\n<li style=\"font-weight: 400;\"><span style=\"font-weight: 400;\"> Tri\u00e2ngulo de seguran\u00e7a, macaco, chave de roda e de fenda<\/span><\/li>\n<li style=\"font-weight: 400;\"><span style=\"font-weight: 400;\"> Estepe, <\/span><\/li>\n<li style=\"font-weight: 400;\"><span style=\"font-weight: 400;\">Vidros<\/span><\/li>\n<li style=\"font-weight: 400;\"><span style=\"font-weight: 400;\">Far\u00f3is<\/span><\/li>\n<li style=\"font-weight: 400;\"><span style=\"font-weight: 400;\">Espelhos retrovisores<\/span><\/li>\n<li style=\"font-weight: 400;\"><span style=\"font-weight: 400;\">Lanternas<\/span><\/li>\n<li style=\"font-weight: 400;\"><span style=\"font-weight: 400;\">Veloc\u00edmetro<\/span><\/li>\n<li style=\"font-weight: 400;\"><span style=\"font-weight: 400;\">Buzina<\/span><\/li>\n<li style=\"font-weight: 400;\"><span style=\"font-weight: 400;\">Freios<\/span><\/li>\n<li style=\"font-weight: 400;\"><span style=\"font-weight: 400;\">Pneu e rodas<\/span><\/li>\n<li style=\"font-weight: 400;\"><span style=\"font-weight: 400;\">Sistema de eixo e suspens\u00e3o<\/span><\/li>\n<\/ul>\n<p>Inspe\u00e7\u00e3o de emiss\u00e3o de poluentes<\/p>\n<p>Componentes complementares como: portas, janelas, bancos, bateria e chassi<\/p>\n<p><span style=\"font-weight: 400;\">Tamb\u00e9m ser\u00e3o fiscalizados carros tunados e customizados. Aqui no blog, a gente j\u00e1 explicou que \u00e9 poss\u00edvel fazer mudan\u00e7as e algumas customiza\u00e7\u00f5es no ve\u00edculo, desde que as mesmas estejam dentro da lei e sigam a Resolu\u00e7\u00e3o Contran n\u00ba 292. <\/span><\/p>\n<p>https:\/\/www.comparaonline.com.br\/blog\/seguros\/seguro-auto\/2014\/01\/7-dicas-tunar-carro-fugir-lei\/<\/p>\n<p>https:\/\/www.comparaonline.com.br\/blog\/seguros\/2017\/04\/carros-rebaixados\/<\/p>\n<p><span style=\"font-weight: 400;\">Outro item chave\u00a0<\/span>e pass\u00edvel de reprova\u00e7\u00e3o na Vistoria veicular \u00e9 a emiss\u00e3o de gases. Ser\u00e3o avaliados o n\u00edvel de escapamento da polui\u00e7\u00e3o e de ru\u00eddo.<\/p>\n<p><span style=\"font-weight: 400;\">Ap\u00f3s realizada a inspe\u00e7\u00e3o veicular, os carros que n\u00e3o cumpram os requisitos exigidos de seguran\u00e7a ser\u00e3o impedidos de circular at\u00e9 que sejam reparados. Os mesmo dever\u00e3o passar por uma segunda inspe\u00e7\u00e3o.<\/span><\/p>\n<p><span style=\"font-weight: 400;\">Os modelos com defeitos ser\u00e3o divididos nas seguintes categorias:<\/span><\/p>\n<p><span style=\"font-weight: 400;\"><strong>Defeitos leves<\/strong>: n\u00e3o coloca em risco a seguran\u00e7a do motorista. Neste caso, o dono do ve\u00edculo ter\u00e1 o carro liberado, mas ficar\u00e1 com o compromisso de conserto. Caso isso n\u00e3o aconte\u00e7a at\u00e9 a pr\u00f3xima inspe\u00e7\u00e3o veicular, ele poder\u00e1 ganhar uma advert\u00eancia.<\/span><\/p>\n<p><span style=\"font-weight: 400;\"><strong>Defeitos graves:<\/strong> afeta a seguran\u00e7a do motorista e dever\u00e1 ser reparado com urg\u00eancia e passar por outra inspe\u00e7\u00e3o. <\/span><\/p>\n<p><span style=\"font-weight: 400;\"><strong>Defeitos muito graves:<\/strong> aqui o carro \u00e9 reprovado e proibido de circular at\u00e9 que o motorista comprove o reparo e passe por uma segunda revis\u00e3o.<\/span><\/p>\n<p><span style=\"font-weight: 400;\">O pre\u00e7o da Inspe\u00e7\u00e3o veicular ainda n\u00e3o foi divulgado e ser\u00e1 definido pelos \u00f3rg\u00e3os de tr\u00e2nsito de cada estado.<\/span><\/p>\n<p>Sabia que a\u00a0inspe\u00e7\u00e3o veicular tamb\u00e9m \u00e9 solicitada na hora de fazer um\u00a0<a title=\"Contrate o seu seguro auto com Compara! \" href=\"https:\/\/www.comparaonline.com.br\/seguro-auto\/seguro-carro\" target=\"_blank\" rel=\"noopener\"><strong>seguro do auto<\/strong><\/a>? Este tipo de vistoria serve para certificar de que o autom\u00f3vel a ser segurado est\u00e1 em ordem. H\u00e1 <strong><a href=\"https:\/\/www.comparaonline.com.br\/seguro-auto\/seguro-carro\">seguros de carro<\/a><\/strong> que oferecem o servi\u00e7o de forma gratuita para verificar diversos itens, em especial alinhamento, dire\u00e7\u00e3o, suspens\u00e3o e freios.<\/p>\n<p>Leia tamb\u00e9m:<\/p>\n<p>https:\/\/www.comparaonline.com.br\/blog\/seguros\/seguro-auto\/2014\/06\/importancia-da-inspecao-veicular\/<\/p>\n<p>https:\/\/www.comparaonline.com.br\/blog\/seguros\/seguro-auto\/2014\/11\/qual-diferenca-entre-motor-turbo-e-motor-chipado\/<\/p>\n<p><\/p>\n","protected":false},"excerpt":{"rendered":"<p>A Inspe\u00e7\u00e3o veicular ser\u00e1 obrigat\u00f3ria para carros a partir de 3 anos de uso at\u00e9 2019, em todo pa\u00eds. Saiba mais neste post!<\/p>\n","protected":false},"author":5,"featured_media":10157,"comment_status":"closed","ping_status":"closed","sticky":false,"template":"","format":"standard","meta":{"footnotes":""},"categories":[714,715],"tags":[],"class_list":["post-10154","post","type-post","status-publish","format-standard","has-post-thumbnail","hentry","category-carros","category-seguro-auto"],"yoast_head":"<!-- This site is optimized with the Yoast SEO plugin v26.9 - https:\/\/yoast.com\/product\/yoast-seo-wordpress\/ -->\n<title>Inspe\u00e7\u00e3o Veicular ser\u00e1 obrigat\u00f3ria at\u00e9 2019 em todo pa\u00eds - ComparaOnline<\/title>\n<meta name=\"description\" content=\"A Inspe\u00e7\u00e3o veicular ser\u00e1 obrigat\u00f3ria para carros a partir de 3 anos de uso at\u00e9 2019, em todo pa\u00eds. Saiba mais sobre a nova regra neste post!\" \/>\n<meta name=\"robots\" content=\"index, follow, max-snippet:-1, max-image-preview:large, max-video-preview:-1\" \/>\n<link rel=\"canonical\" href=\"https:\/\/www.comparaonline.com.br\/blog\/carros\/inspecao-veicular\/\" \/>\n<meta property=\"og:locale\" content=\"pt_BR\" \/>\n<meta property=\"og:type\" content=\"article\" \/>\n<meta property=\"og:title\" content=\"Inspe\u00e7\u00e3o Veicular ser\u00e1 obrigat\u00f3ria at\u00e9 2019 em todo pa\u00eds - ComparaOnline\" \/>\n<meta property=\"og:description\" content=\"A Inspe\u00e7\u00e3o veicular ser\u00e1 obrigat\u00f3ria para carros a partir de 3 anos de uso at\u00e9 2019, em todo pa\u00eds. Saiba mais sobre a nova regra neste post!\" \/>\n<meta property=\"og:url\" content=\"https:\/\/www.comparaonline.com.br\/blog\/carros\/inspecao-veicular\/\" \/>\n<meta property=\"og:site_name\" content=\"ComparaOnline\" \/>\n<meta property=\"article:publisher\" content=\"https:\/\/www.facebook.com\/comparabr\" \/>\n<meta property=\"article:published_time\" content=\"2017-12-28T21:04:20+00:00\" \/>\n<meta property=\"article:modified_time\" content=\"2018-09-18T16:38:38+00:00\" \/>\n<meta property=\"og:image\" content=\"https:\/\/www.comparaonline.com.br\/blog-statics\/br\/uploads\/2017\/12\/inspe\u00e7\u00e3o-veicular.jpg\" \/>\n\t<meta property=\"og:image:width\" content=\"4312\" \/>\n\t<meta property=\"og:image:height\" content=\"2879\" \/>\n\t<meta property=\"og:image:type\" content=\"image\/jpeg\" \/>\n<meta name=\"author\" content=\"Larissa Ferreira\" \/>\n<meta name=\"twitter:card\" content=\"summary_large_image\" \/>\n<meta name=\"twitter:creator\" content=\"@compara_brasil\" \/>\n<meta name=\"twitter:site\" content=\"@compara_brasil\" \/>\n<meta name=\"twitter:label1\" content=\"Escrito por\" \/>\n\t<meta name=\"twitter:data1\" content=\"Larissa Ferreira\" \/>\n\t<meta name=\"twitter:label2\" content=\"Est. tempo de leitura\" \/>\n\t<meta name=\"twitter:data2\" content=\"4 minutos\" \/>\n<script type=\"application\/ld+json\" class=\"yoast-schema-graph\">{\"@context\":\"https:\/\/schema.org\",\"@graph\":[{\"@type\":\"Article\",\"@id\":\"https:\/\/www.comparaonline.com.br\/blog\/carros\/inspecao-veicular\/#article\",\"isPartOf\":{\"@id\":\"https:\/\/www.comparaonline.com.br\/blog\/carros\/inspecao-veicular\/\"},\"author\":{\"name\":\"Larissa Ferreira\",\"@id\":\"https:\/\/www.comparaonline.com.br\/blog\/#\/schema\/person\/4d6353b6a1e89e63c4205569ae42be7c\"},\"headline\":\"Inspe\u00e7\u00e3o Veicular ser\u00e1 obrigat\u00f3ria at\u00e9 2019 em todo pa\u00eds\",\"datePublished\":\"2017-12-28T21:04:20+00:00\",\"dateModified\":\"2018-09-18T16:38:38+00:00\",\"mainEntityOfPage\":{\"@id\":\"https:\/\/www.comparaonline.com.br\/blog\/carros\/inspecao-veicular\/\"},\"wordCount\":790,\"publisher\":{\"@id\":\"https:\/\/www.comparaonline.com.br\/blog\/#organization\"},\"image\":{\"@id\":\"https:\/\/www.comparaonline.com.br\/blog\/carros\/inspecao-veicular\/#primaryimage\"},\"thumbnailUrl\":\"https:\/\/www.comparaonline.com.br\/blog-statics\/br\/uploads\/2017\/12\/inspe\u00e7\u00e3o-veicular.jpg\",\"articleSection\":[\"Carros\",\"Seguro Auto\"],\"inLanguage\":\"pt-BR\"},{\"@type\":\"WebPage\",\"@id\":\"https:\/\/www.comparaonline.com.br\/blog\/carros\/inspecao-veicular\/\",\"url\":\"https:\/\/www.comparaonline.com.br\/blog\/carros\/inspecao-veicular\/\",\"name\":\"Inspe\u00e7\u00e3o Veicular ser\u00e1 obrigat\u00f3ria at\u00e9 2019 em todo pa\u00eds - ComparaOnline\",\"isPartOf\":{\"@id\":\"https:\/\/www.comparaonline.com.br\/blog\/#website\"},\"primaryImageOfPage\":{\"@id\":\"https:\/\/www.comparaonline.com.br\/blog\/carros\/inspecao-veicular\/#primaryimage\"},\"image\":{\"@id\":\"https:\/\/www.comparaonline.com.br\/blog\/carros\/inspecao-veicular\/#primaryimage\"},\"thumbnailUrl\":\"https:\/\/www.comparaonline.com.br\/blog-statics\/br\/uploads\/2017\/12\/inspe\u00e7\u00e3o-veicular.jpg\",\"datePublished\":\"2017-12-28T21:04:20+00:00\",\"dateModified\":\"2018-09-18T16:38:38+00:00\",\"description\":\"A Inspe\u00e7\u00e3o veicular ser\u00e1 obrigat\u00f3ria para carros a partir de 3 anos de uso at\u00e9 2019, em todo pa\u00eds. Saiba mais sobre a nova regra neste post!\",\"breadcrumb\":{\"@id\":\"https:\/\/www.comparaonline.com.br\/blog\/carros\/inspecao-veicular\/#breadcrumb\"},\"inLanguage\":\"pt-BR\",\"potentialAction\":[{\"@type\":\"ReadAction\",\"target\":[\"https:\/\/www.comparaonline.com.br\/blog\/carros\/inspecao-veicular\/\"]}]},{\"@type\":\"ImageObject\",\"inLanguage\":\"pt-BR\",\"@id\":\"https:\/\/www.comparaonline.com.br\/blog\/carros\/inspecao-veicular\/#primaryimage\",\"url\":\"https:\/\/www.comparaonline.com.br\/blog-statics\/br\/uploads\/2017\/12\/inspe\u00e7\u00e3o-veicular.jpg\",\"contentUrl\":\"https:\/\/www.comparaonline.com.br\/blog-statics\/br\/uploads\/2017\/12\/inspe\u00e7\u00e3o-veicular.jpg\",\"width\":4312,\"height\":2879,\"caption\":\"inspe\u00e7\u00e3o veicular\"},{\"@type\":\"BreadcrumbList\",\"@id\":\"https:\/\/www.comparaonline.com.br\/blog\/carros\/inspecao-veicular\/#breadcrumb\",\"itemListElement\":[{\"@type\":\"ListItem\",\"position\":1,\"name\":\"In\u00edcio\",\"item\":\"https:\/\/www.comparaonline.com.br\/blog\/\"},{\"@type\":\"ListItem\",\"position\":2,\"name\":\"Inspe\u00e7\u00e3o Veicular ser\u00e1 obrigat\u00f3ria at\u00e9 2019 em todo pa\u00eds\"}]},{\"@type\":\"WebSite\",\"@id\":\"https:\/\/www.comparaonline.com.br\/blog\/#website\",\"url\":\"https:\/\/www.comparaonline.com.br\/blog\/\",\"name\":\"ComparaOnline\",\"description\":\"Tudo o que voc\u00ea precisa saber sobre seguros e produtos financeiros\",\"publisher\":{\"@id\":\"https:\/\/www.comparaonline.com.br\/blog\/#organization\"},\"potentialAction\":[{\"@type\":\"SearchAction\",\"target\":{\"@type\":\"EntryPoint\",\"urlTemplate\":\"https:\/\/www.comparaonline.com.br\/blog\/?s={search_term_string}\"},\"query-input\":{\"@type\":\"PropertyValueSpecification\",\"valueRequired\":true,\"valueName\":\"search_term_string\"}}],\"inLanguage\":\"pt-BR\"},{\"@type\":\"Organization\",\"@id\":\"https:\/\/www.comparaonline.com.br\/blog\/#organization\",\"name\":\"Compara\",\"url\":\"https:\/\/www.comparaonline.com.br\/blog\/\",\"logo\":{\"@type\":\"ImageObject\",\"inLanguage\":\"pt-BR\",\"@id\":\"https:\/\/www.comparaonline.com.br\/blog\/#\/schema\/logo\/image\/\",\"url\":\"https:\/\/www.comparaonline.com.br\/blog-statics\/br\/uploads\/2020\/02\/15814375758341.png\",\"contentUrl\":\"https:\/\/www.comparaonline.com.br\/blog-statics\/br\/uploads\/2020\/02\/15814375758341.png\",\"width\":161,\"height\":35,\"caption\":\"Compara\"},\"image\":{\"@id\":\"https:\/\/www.comparaonline.com.br\/blog\/#\/schema\/logo\/image\/\"},\"sameAs\":[\"https:\/\/www.facebook.com\/comparabr\",\"https:\/\/x.com\/compara_brasil\",\"https:\/\/www.instagram.com\/compara_brasil\/\",\"https:\/\/www.linkedin.com\/company\/compara\/\",\"https:\/\/www.youtube.com\/c\/ComparaBrasil\"]},{\"@type\":\"Person\",\"@id\":\"https:\/\/www.comparaonline.com.br\/blog\/#\/schema\/person\/4d6353b6a1e89e63c4205569ae42be7c\",\"name\":\"Larissa Ferreira\",\"image\":{\"@type\":\"ImageObject\",\"inLanguage\":\"pt-BR\",\"@id\":\"https:\/\/www.comparaonline.com.br\/blog\/#\/schema\/person\/image\/\",\"url\":\"https:\/\/www.comparaonline.com.br\/blog-statics\/br\/uploads\/2020\/02\/Larissa-Ferreira.jpg\",\"contentUrl\":\"https:\/\/www.comparaonline.com.br\/blog-statics\/br\/uploads\/2020\/02\/Larissa-Ferreira.jpg\",\"caption\":\"Larissa Ferreira\"},\"description\":\"Sou formada em comunica\u00e7\u00e3o social e sou especialista em seguros. No entanto, com o tempo, me aproximei mais de Seguro Auto e aprendi muito sobre os tipos de ve\u00edculo, manuten\u00e7\u00e3o e cuidados.\",\"sameAs\":[\"http:\/\/comparaonline.com.br\"],\"url\":\"https:\/\/www.comparaonline.com.br\/blog\/author\/larissa-ferreira\/\"}]}<\/script>\n<!-- \/ Yoast SEO plugin. -->","yoast_head_json":{"title":"Inspe\u00e7\u00e3o Veicular ser\u00e1 obrigat\u00f3ria at\u00e9 2019 em todo pa\u00eds - ComparaOnline","description":"A Inspe\u00e7\u00e3o veicular ser\u00e1 obrigat\u00f3ria para carros a partir de 3 anos de uso at\u00e9 2019, em todo pa\u00eds. Saiba mais sobre a nova regra neste post!","robots":{"index":"index","follow":"follow","max-snippet":"max-snippet:-1","max-image-preview":"max-image-preview:large","max-video-preview":"max-video-preview:-1"},"canonical":"https:\/\/www.comparaonline.com.br\/blog\/carros\/inspecao-veicular\/","og_locale":"pt_BR","og_type":"article","og_title":"Inspe\u00e7\u00e3o Veicular ser\u00e1 obrigat\u00f3ria at\u00e9 2019 em todo pa\u00eds - ComparaOnline","og_description":"A Inspe\u00e7\u00e3o veicular ser\u00e1 obrigat\u00f3ria para carros a partir de 3 anos de uso at\u00e9 2019, em todo pa\u00eds. Saiba mais sobre a nova regra neste post!","og_url":"https:\/\/www.comparaonline.com.br\/blog\/carros\/inspecao-veicular\/","og_site_name":"ComparaOnline","article_publisher":"https:\/\/www.facebook.com\/comparabr","article_published_time":"2017-12-28T21:04:20+00:00","article_modified_time":"2018-09-18T16:38:38+00:00","og_image":[{"width":4312,"height":2879,"url":"https:\/\/www.comparaonline.com.br\/blog-statics\/br\/uploads\/2017\/12\/inspe\u00e7\u00e3o-veicular.jpg","type":"image\/jpeg"}],"author":"Larissa Ferreira","twitter_card":"summary_large_image","twitter_creator":"@compara_brasil","twitter_site":"@compara_brasil","twitter_misc":{"Escrito por":"Larissa Ferreira","Est. tempo de leitura":"4 minutos"},"schema":{"@context":"https:\/\/schema.org","@graph":[{"@type":"Article","@id":"https:\/\/www.comparaonline.com.br\/blog\/carros\/inspecao-veicular\/#article","isPartOf":{"@id":"https:\/\/www.comparaonline.com.br\/blog\/carros\/inspecao-veicular\/"},"author":{"name":"Larissa Ferreira","@id":"https:\/\/www.comparaonline.com.br\/blog\/#\/schema\/person\/4d6353b6a1e89e63c4205569ae42be7c"},"headline":"Inspe\u00e7\u00e3o Veicular ser\u00e1 obrigat\u00f3ria at\u00e9 2019 em todo pa\u00eds","datePublished":"2017-12-28T21:04:20+00:00","dateModified":"2018-09-18T16:38:38+00:00","mainEntityOfPage":{"@id":"https:\/\/www.comparaonline.com.br\/blog\/carros\/inspecao-veicular\/"},"wordCount":790,"publisher":{"@id":"https:\/\/www.comparaonline.com.br\/blog\/#organization"},"image":{"@id":"https:\/\/www.comparaonline.com.br\/blog\/carros\/inspecao-veicular\/#primaryimage"},"thumbnailUrl":"https:\/\/www.comparaonline.com.br\/blog-statics\/br\/uploads\/2017\/12\/inspe\u00e7\u00e3o-veicular.jpg","articleSection":["Carros","Seguro Auto"],"inLanguage":"pt-BR"},{"@type":"WebPage","@id":"https:\/\/www.comparaonline.com.br\/blog\/carros\/inspecao-veicular\/","url":"https:\/\/www.comparaonline.com.br\/blog\/carros\/inspecao-veicular\/","name":"Inspe\u00e7\u00e3o Veicular ser\u00e1 obrigat\u00f3ria at\u00e9 2019 em todo pa\u00eds - ComparaOnline","isPartOf":{"@id":"https:\/\/www.comparaonline.com.br\/blog\/#website"},"primaryImageOfPage":{"@id":"https:\/\/www.comparaonline.com.br\/blog\/carros\/inspecao-veicular\/#primaryimage"},"image":{"@id":"https:\/\/www.comparaonline.com.br\/blog\/carros\/inspecao-veicular\/#primaryimage"},"thumbnailUrl":"https:\/\/www.comparaonline.com.br\/blog-statics\/br\/uploads\/2017\/12\/inspe\u00e7\u00e3o-veicular.jpg","datePublished":"2017-12-28T21:04:20+00:00","dateModified":"2018-09-18T16:38:38+00:00","description":"A Inspe\u00e7\u00e3o veicular ser\u00e1 obrigat\u00f3ria para carros a partir de 3 anos de uso at\u00e9 2019, em todo pa\u00eds. Saiba mais sobre a nova regra neste post!","breadcrumb":{"@id":"https:\/\/www.comparaonline.com.br\/blog\/carros\/inspecao-veicular\/#breadcrumb"},"inLanguage":"pt-BR","potentialAction":[{"@type":"ReadAction","target":["https:\/\/www.comparaonline.com.br\/blog\/carros\/inspecao-veicular\/"]}]},{"@type":"ImageObject","inLanguage":"pt-BR","@id":"https:\/\/www.comparaonline.com.br\/blog\/carros\/inspecao-veicular\/#primaryimage","url":"https:\/\/www.comparaonline.com.br\/blog-statics\/br\/uploads\/2017\/12\/inspe\u00e7\u00e3o-veicular.jpg","contentUrl":"https:\/\/www.comparaonline.com.br\/blog-statics\/br\/uploads\/2017\/12\/inspe\u00e7\u00e3o-veicular.jpg","width":4312,"height":2879,"caption":"inspe\u00e7\u00e3o veicular"},{"@type":"BreadcrumbList","@id":"https:\/\/www.comparaonline.com.br\/blog\/carros\/inspecao-veicular\/#breadcrumb","itemListElement":[{"@type":"ListItem","position":1,"name":"In\u00edcio","item":"https:\/\/www.comparaonline.com.br\/blog\/"},{"@type":"ListItem","position":2,"name":"Inspe\u00e7\u00e3o Veicular ser\u00e1 obrigat\u00f3ria at\u00e9 2019 em todo pa\u00eds"}]},{"@type":"WebSite","@id":"https:\/\/www.comparaonline.com.br\/blog\/#website","url":"https:\/\/www.comparaonline.com.br\/blog\/","name":"ComparaOnline","description":"Tudo o que voc\u00ea precisa saber sobre seguros e produtos financeiros","publisher":{"@id":"https:\/\/www.comparaonline.com.br\/blog\/#organization"},"potentialAction":[{"@type":"SearchAction","target":{"@type":"EntryPoint","urlTemplate":"https:\/\/www.comparaonline.com.br\/blog\/?s={search_term_string}"},"query-input":{"@type":"PropertyValueSpecification","valueRequired":true,"valueName":"search_term_string"}}],"inLanguage":"pt-BR"},{"@type":"Organization","@id":"https:\/\/www.comparaonline.com.br\/blog\/#organization","name":"Compara","url":"https:\/\/www.comparaonline.com.br\/blog\/","logo":{"@type":"ImageObject","inLanguage":"pt-BR","@id":"https:\/\/www.comparaonline.com.br\/blog\/#\/schema\/logo\/image\/","url":"https:\/\/www.comparaonline.com.br\/blog-statics\/br\/uploads\/2020\/02\/15814375758341.png","contentUrl":"https:\/\/www.comparaonline.com.br\/blog-statics\/br\/uploads\/2020\/02\/15814375758341.png","width":161,"height":35,"caption":"Compara"},"image":{"@id":"https:\/\/www.comparaonline.com.br\/blog\/#\/schema\/logo\/image\/"},"sameAs":["https:\/\/www.facebook.com\/comparabr","https:\/\/x.com\/compara_brasil","https:\/\/www.instagram.com\/compara_brasil\/","https:\/\/www.linkedin.com\/company\/compara\/","https:\/\/www.youtube.com\/c\/ComparaBrasil"]},{"@type":"Person","@id":"https:\/\/www.comparaonline.com.br\/blog\/#\/schema\/person\/4d6353b6a1e89e63c4205569ae42be7c","name":"Larissa Ferreira","image":{"@type":"ImageObject","inLanguage":"pt-BR","@id":"https:\/\/www.comparaonline.com.br\/blog\/#\/schema\/person\/image\/","url":"https:\/\/www.comparaonline.com.br\/blog-statics\/br\/uploads\/2020\/02\/Larissa-Ferreira.jpg","contentUrl":"https:\/\/www.comparaonline.com.br\/blog-statics\/br\/uploads\/2020\/02\/Larissa-Ferreira.jpg","caption":"Larissa Ferreira"},"description":"Sou formada em comunica\u00e7\u00e3o social e sou especialista em seguros. No entanto, com o tempo, me aproximei mais de Seguro Auto e aprendi muito sobre os tipos de ve\u00edculo, manuten\u00e7\u00e3o e cuidados.","sameAs":["http:\/\/comparaonline.com.br"],"url":"https:\/\/www.comparaonline.com.br\/blog\/author\/larissa-ferreira\/"}]}},"_links":{"self":[{"href":"https:\/\/www.comparaonline.com.br\/blog\/wp-json\/wp\/v2\/posts\/10154","targetHints":{"allow":["GET"]}}],"collection":[{"href":"https:\/\/www.comparaonline.com.br\/blog\/wp-json\/wp\/v2\/posts"}],"about":[{"href":"https:\/\/www.comparaonline.com.br\/blog\/wp-json\/wp\/v2\/types\/post"}],"author":[{"embeddable":true,"href":"https:\/\/www.comparaonline.com.br\/blog\/wp-json\/wp\/v2\/users\/5"}],"replies":[{"embeddable":true,"href":"https:\/\/www.comparaonline.com.br\/blog\/wp-json\/wp\/v2\/comments?post=10154"}],"version-history":[{"count":1,"href":"https:\/\/www.comparaonline.com.br\/blog\/wp-json\/wp\/v2\/posts\/10154\/revisions"}],"predecessor-version":[{"id":11846,"href":"https:\/\/www.comparaonline.com.br\/blog\/wp-json\/wp\/v2\/posts\/10154\/revisions\/11846"}],"wp:featuredmedia":[{"embeddable":true,"href":"https:\/\/www.comparaonline.com.br\/blog\/wp-json\/wp\/v2\/media\/10157"}],"wp:attachment":[{"href":"https:\/\/www.comparaonline.com.br\/blog\/wp-json\/wp\/v2\/media?parent=10154"}],"wp:term":[{"taxonomy":"category","embeddable":true,"href":"https:\/\/www.comparaonline.com.br\/blog\/wp-json\/wp\/v2\/categories?post=10154"},{"taxonomy":"post_tag","embeddable":true,"href":"https:\/\/www.comparaonline.com.br\/blog\/wp-json\/wp\/v2\/tags?post=10154"}],"curies":[{"name":"wp","href":"https:\/\/api.w.org\/{rel}","templated":true}]}}